{"id":5654,"date":"2024-08-11T19:37:46","date_gmt":"2024-08-11T17:37:46","guid":{"rendered":"https:\/\/todojuegos-site.com\/index.php\/2024\/08\/11\/el-sonic-generations-original-dejara-de-venderse-de-forma-individual-a-partir-de-septiembre\/"},"modified":"2024-08-11T19:37:46","modified_gmt":"2024-08-11T17:37:46","slug":"el-sonic-generations-original-dejara-de-venderse-de-forma-individual-a-partir-de-septiembre","status":"publish","type":"post","link":"https:\/\/todojuegos-site.com\/index.php\/2024\/08\/11\/el-sonic-generations-original-dejara-de-venderse-de-forma-individual-a-partir-de-septiembre\/","title":{"rendered":"El Sonic Generations original dejar\u00e1 de venderse de forma individual a partir de septiembre"},"content":{"rendered":"<p>\nSega ha anunciado que el Sonic Generations original de 2011 se retirar\u00e1 de la venta en tiendas digitales &#8220;como juego independiente&#8221; a partir del d\u00eda 9 de septiembre.\n<\/p>\n<p>\nA partir de dicha fecha, ha aclarado la compa\u00f1\u00eda japonesa, esa versi\u00f3n s\u00f3lo estar\u00e1 disponible &#8220;a trav\u00e9s de bundles con otros juegos ic\u00f3nicos de Sonic en Steam y Xbox&#8221;.\n<\/p>\n<p>\nEl motivo es, como muchos se habr\u00e1n imaginado, el lanzamiento en octubre de Sonic X Shadow Generations, una nueva versi\u00f3n para plataformas actuales que incluye el original remasterizado y nuevos contenidos de Shadow.\n<\/p>\n<p><a href=\"https:\/\/www.eurogamer.es\/el-sonic-generations-original-dejara-de-venderse-de-forma-individual-a-partir-de-septiembre\">Leer m\u00e1s<\/a><\/p>","protected":false},"excerpt":{"rendered":"<p>Sega ha anunciado que el Sonic Generations original de 2011 se retirar\u00e1 de la venta en tiendas digitales &#8220;como juego independiente&#8221; a partir del d\u00eda 9 de septiembre. A partir de dicha fecha, ha aclarado la compa\u00f1\u00eda japonesa, esa versi\u00f3n s\u00f3lo estar\u00e1 disponible &#8220;a trav\u00e9s de bundles con otros juegos ic\u00f3nicos de Sonic en Steam &hellip; <\/p>\n<p class=\"link-more\"><a href=\"https:\/\/todojuegos-site.com\/index.php\/2024\/08\/11\/el-sonic-generations-original-dejara-de-venderse-de-forma-individual-a-partir-de-septiembre\/\" class=\"read-more\">Read More<span class=\"screen-reader-text\"> &#8220;El Sonic Generations original dejar\u00e1 de venderse de forma individual a partir de septiembre&#8221;<\/span><\/a><\/p>\n","protected":false},"author":0,"featured_media":5655,"comment_status":"","ping_status":"","sticky":false,"template":"","format":"standard","meta":{"om_disable_all_campaigns":false,"_monsterinsights_skip_tracking":false,"_monsterinsights_sitenote_active":false,"_monsterinsights_sitenote_note":"","_monsterinsights_sitenote_category":0,"_uf_show_specific_survey":0,"_uf_disable_surveys":false,"footnotes":""},"categories":[1],"tags":[],"class_list":["post-5654","post","type-post","status-publish","format-standard","has-post-thumbnail","hentry","category-blog"],"aioseo_notices":[],"_links":{"self":[{"href":"https:\/\/todojuegos-site.com\/index.php\/wp-json\/wp\/v2\/posts\/5654","targetHints":{"allow":["GET"]}}],"collection":[{"href":"https:\/\/todojuegos-site.com\/index.php\/wp-json\/wp\/v2\/posts"}],"about":[{"href":"https:\/\/todojuegos-site.com\/index.php\/wp-json\/wp\/v2\/types\/post"}],"replies":[{"embeddable":true,"href":"https:\/\/todojuegos-site.com\/index.php\/wp-json\/wp\/v2\/comments?post=5654"}],"version-history":[{"count":0,"href":"https:\/\/todojuegos-site.com\/index.php\/wp-json\/wp\/v2\/posts\/5654\/revisions"}],"wp:featuredmedia":[{"embeddable":true,"href":"https:\/\/todojuegos-site.com\/index.php\/wp-json\/wp\/v2\/media\/5655"}],"wp:attachment":[{"href":"https:\/\/todojuegos-site.com\/index.php\/wp-json\/wp\/v2\/media?parent=5654"}],"wp:term":[{"taxonomy":"category","embeddable":true,"href":"https:\/\/todojuegos-site.com\/index.php\/wp-json\/wp\/v2\/categories?post=5654"},{"taxonomy":"post_tag","embeddable":true,"href":"https:\/\/todojuegos-site.com\/index.php\/wp-json\/wp\/v2\/tags?post=5654"}],"curies":[{"name":"wp","href":"https:\/\/api.w.org\/{rel}","templated":true}]}}